{"id":3524,"date":"2016-11-03T12:14:17","date_gmt":"2016-11-03T11:14:17","guid":{"rendered":"http:\/\/rotrisl.com\/?p=3524"},"modified":"2023-07-27T18:22:01","modified_gmt":"2023-07-27T17:22:01","slug":"les-cantoneres-flexibles-sadapten-a-qualsevol-material-enrotllat","status":"publish","type":"post","link":"https:\/\/www.rotrisl.com\/ca\/news\/consells\/les-cantoneres-flexibles-sadapten-a-qualsevol-material-enrotllat\/","title":{"rendered":"Les cantoneres flexibles s\u2019adapten a qualsevol material enrotllat"},"content":{"rendered":"<p>Les cantoneres s\u00f3n <a href=\"http:\/\/rotrisl.com\/perfils-de-proteccio-per-cuidar-la-imatge-empresa\/\" target=\"_blank\" rel=\"noopener\">perfils de protecci\u00f3<\/a> molt \u00fatils per assegurar que el material arribi en perfectes condicions, per exemple, sense doblecs per la pressi\u00f3 del fleix. Per\u00f2 <a href=\"http:\/\/rotrisl.com\/product-detail\/cantonera-estandard\/\" target=\"_blank\" rel=\"noopener\">la seva versi\u00f3 est\u00e0ndard<\/a> \u00a0\u00e9s r\u00edgida, no s\u2019adapta a certs materials que s\u2019ha de transportar envoltats en film. Per solucionar-ho, a Rotri disposem <a href=\"http:\/\/rotrisl.com\/product-detail\/cantonera-flexible\/\" target=\"_blank\" rel=\"noopener\">cantoneres flexibles<\/a>.<\/p>\n<p>El seu funcionament \u00e9s molt senzill: n\u2019hi ha prou amb seguir el tall pr\u00e8viament encunyat en una de les dos ales per convertir la cantonera en flexible. D\u2019aquesta forma, es pot doblegar per adaptar-se a qualsevol material o producte <strong>amb forma corba o que es subministri enrotllat<\/strong>. Un exemple s\u00f3n les bobines de paper perqu\u00e8 si no es protegissin els seus cantons es farien malb\u00e9 molts metres de material.<\/p>\n<p>La <strong>longitud<\/strong> de les nostres cantoneres flexibles s\u2019adapta al di\u00e0metre de qualsevol bobina, ja siguin de pl\u00e0stic o un altre material. L\u2019habitual \u00e9s utilitzar una cantonera per a cada bobina per\u00f2 tamb\u00e9 podem adaptar la seva extensi\u00f3 per embolicar dos bobines a la vegada. En qualsevol cas, les fabriquem a mida per no generar cap material sobrant.<\/p>\n<p>El material a transportar pot portar-se tant en posici\u00f3 vertical com horitzontal, ja qu\u00e8 les cantoneres flexibles de Rotri porten un <strong>adhesiu en una ala interior<\/strong> que, a m\u00e9s a m\u00e9s de permetre una f\u00e0cil aplicaci\u00f3, eviten que es caiguin durant el transport. Aix\u00ed, els cantons de la seva mercaderia estaran protegits durant tot el trajecte o emmagatzematge.<\/p>\n<p>Les necessitats del mercat fan que a Rotri anem desenvolupant noves idees per assegurar que les nostres opcions d\u2019embalatge millorin constantment en efic\u00e0cia.<\/p>\n<div id=\"attachment_863\" style=\"width: 264px\" class=\"wp-caption alignnone\"><a href=\"https:\/\/www.rotrisl.com\/wp-content\/uploads\/2015\/03\/cantoneres-flexible-portada-rotri.jpg\" target=\"_blank\" rel=\"noopener\"><img loading=\"lazy\" decoding=\"async\" aria-describedby=\"caption-attachment-863\" class=\"wp-image-863\" src=\"https:\/\/www.rotrisl.com\/wp-content\/uploads\/2015\/03\/cantoneres-flexible-portada-rotri-300x237.jpg\" alt=\"Cantonera flexible - Rotri\" width=\"254\" height=\"201\" \/><\/a><p id=\"caption-attachment-863\" class=\"wp-caption-text\">Cantonera flexible kraft<\/p><\/div>\n<div id=\"attachment_981\" style=\"width: 310px\" class=\"wp-caption alignnone\"><a href=\"https:\/\/www.rotrisl.com\/wp-content\/uploads\/2015\/03\/Cantonera-flexible-portada-Rotri-3.jpg\" target=\"_blank\" rel=\"noopener\"><img loading=\"lazy\" decoding=\"async\" aria-describedby=\"caption-attachment-981\" class=\"wp-image-981 size-medium\" src=\"https:\/\/www.rotrisl.com\/wp-content\/uploads\/2015\/03\/Cantonera-flexible-portada-Rotri-3-300x198.jpg\" alt=\"Cantonera flexible-portada-Rotri (3)\" width=\"300\" height=\"198\" \/><\/a><p id=\"caption-attachment-981\" class=\"wp-caption-text\">Cantonera flexible impresa efecte alumini<\/p><\/div>\n<div id=\"attachment_1003\" style=\"width: 215px\" class=\"wp-caption alignnone\"><a href=\"https:\/\/www.rotrisl.com\/wp-content\/uploads\/2015\/03\/Cantonera-flexible-portada-Rotri-14.jpg\" target=\"_blank\" rel=\"noopener\"><img loading=\"lazy\" decoding=\"async\" aria-describedby=\"caption-attachment-1003\" class=\"wp-image-1003\" src=\"https:\/\/www.rotrisl.com\/wp-content\/uploads\/2015\/03\/Cantonera-flexible-portada-Rotri-14-300x289.jpg\" alt=\"Cantonera flexible-portada-Rotri (14)\" width=\"205\" height=\"196\" \/><\/a><p id=\"caption-attachment-1003\" class=\"wp-caption-text\">Cantonera flexible protegint una bobina de paper<\/p><\/div>\n<div id=\"attachment_975\" style=\"width: 305px\" class=\"wp-caption alignnone\"><a href=\"https:\/\/www.rotrisl.com\/wp-content\/uploads\/2015\/03\/Cantonera-flexible-portada-Rotri-20.jpg\" target=\"_blank\" rel=\"noopener\"><img loading=\"lazy\" decoding=\"async\" aria-describedby=\"caption-attachment-975\" class=\"wp-image-975\" src=\"https:\/\/www.rotrisl.com\/wp-content\/uploads\/2015\/03\/Cantonera-flexible-portada-Rotri-20-300x225.jpg\" alt=\"Cantonera flexible-portada-Rotri (20)\" width=\"295\" height=\"221\" \/><\/a><p id=\"caption-attachment-975\" class=\"wp-caption-text\">Cantonera flexible protegint difents tipus de bobines<\/p><\/div>\n<div id=\"attachment_995\" style=\"width: 310px\" class=\"wp-caption alignnone\"><a href=\"https:\/\/www.rotrisl.com\/wp-content\/uploads\/2015\/03\/Cantonera-flexible-portada-Rotri-10.jpg\" target=\"_blank\" rel=\"noopener\"><img loading=\"lazy\" decoding=\"async\" aria-describedby=\"caption-attachment-995\" class=\"wp-image-995 size-medium\" src=\"https:\/\/www.rotrisl.com\/wp-content\/uploads\/2015\/03\/Cantonera-flexible-portada-Rotri-10-300x200.jpg\" alt=\"Cantonera flexible-portada-Rotri (10)\" width=\"300\" height=\"200\" \/><\/a><p id=\"caption-attachment-995\" class=\"wp-caption-text\">Cantonera flexible protegint bobines de paper<\/p><\/div>\n<p>&nbsp;<\/p>\n<p>&nbsp;<\/p>\n<span class=\"et_bloom_bottom_trigger\"><\/span>","protected":false},"excerpt":{"rendered":"<p>Les cantoneres s\u00f3n perfils de protecci\u00f3 molt \u00fatils per assegurar que el material arribi en perfectes condicions, per exemple, sense doblecs per la pressi\u00f3 del fleix. Per\u00f2 la seva versi\u00f3 est\u00e0ndard \u00a0\u00e9s r\u00edgida, no s\u2019adapta a certs materials que s\u2019ha de transportar envoltats en film. Per solucionar-ho, a Rotri disposem cantoneres flexibles. El seu funcionament [&hellip;]<\/p>\n","protected":false},"author":13,"featured_media":11406,"comment_status":"closed","ping_status":"closed","sticky":false,"template":"","format":"standard","meta":{"_et_pb_use_builder":"","_et_pb_old_content":"","_et_gb_content_width":"","footnotes":""},"categories":[354],"tags":[317,336,332,318,337,319],"class_list":["post-3524","post","type-post","status-publish","format-standard","has-post-thumbnail","hentry","category-consells","tag-industria-del-papel-ca","tag-industria-del-paper","tag-mobiliari","tag-mobiliario-ca","tag-plastic-flexible-i-textil","tag-plastico-flexible-y-textil-ca"],"yoast_head":"<!-- This site is optimized with the Yoast SEO plugin v27.4 - https:\/\/yoast.com\/product\/yoast-seo-wordpress\/ -->\n<title>Les cantoneres flexibles s\u2019adapten a qualsevol material enrotllat | Rotri<\/title>\n<meta name=\"robots\" content=\"index, follow, max-snippet:-1, max-image-preview:large, max-video-preview:-1\" \/>\n<link rel=\"canonical\" href=\"https:\/\/www.rotrisl.com\/ca\/news\/consells\/les-cantoneres-flexibles-sadapten-a-qualsevol-material-enrotllat\/\" \/>\n<meta property=\"og:locale\" content=\"ca_ES\" \/>\n<meta property=\"og:type\" content=\"article\" \/>\n<meta property=\"og:title\" content=\"Les cantoneres flexibles s\u2019adapten a qualsevol material enrotllat | Rotri\" \/>\n<meta property=\"og:description\" content=\"Les cantoneres s\u00f3n perfils de protecci\u00f3 molt \u00fatils per assegurar que el material arribi en perfectes condicions, per exemple, sense doblecs per la pressi\u00f3 del fleix. Per\u00f2 la seva versi\u00f3 est\u00e0ndard \u00a0\u00e9s r\u00edgida, no s\u2019adapta a certs materials que s\u2019ha de transportar envoltats en film. Per solucionar-ho, a Rotri disposem cantoneres flexibles. El seu funcionament [&hellip;]\" \/>\n<meta property=\"og:url\" content=\"https:\/\/www.rotrisl.com\/ca\/news\/consells\/les-cantoneres-flexibles-sadapten-a-qualsevol-material-enrotllat\/\" \/>\n<meta property=\"og:site_name\" content=\"Rotri\" \/>\n<meta property=\"article:published_time\" content=\"2016-11-03T11:14:17+00:00\" \/>\n<meta property=\"article:modified_time\" content=\"2023-07-27T17:22:01+00:00\" \/>\n<meta property=\"og:image\" content=\"https:\/\/www.rotrisl.com\/wp-content\/uploads\/2016\/11\/cantoneres-flexible-portada-rotri-300x237-1.jpeg\" \/>\n\t<meta property=\"og:image:width\" content=\"300\" \/>\n\t<meta property=\"og:image:height\" content=\"237\" \/>\n\t<meta property=\"og:image:type\" content=\"image\/jpeg\" \/>\n<meta name=\"author\" content=\"RotriDigital\" \/>\n<meta name=\"twitter:card\" content=\"summary_large_image\" \/>\n<meta name=\"twitter:label1\" content=\"Escrit per\" \/>\n\t<meta name=\"twitter:data1\" content=\"RotriDigital\" \/>\n\t<meta name=\"twitter:label2\" content=\"Temps estimat de lectura\" \/>\n\t<meta name=\"twitter:data2\" content=\"3 minuts\" \/>\n<script type=\"application\/ld+json\" class=\"yoast-schema-graph\">{\"@context\":\"https:\\\/\\\/schema.org\",\"@graph\":[{\"@type\":[\"Article\",\"BlogPosting\"],\"@id\":\"https:\\\/\\\/www.rotrisl.com\\\/ca\\\/news\\\/consells\\\/les-cantoneres-flexibles-sadapten-a-qualsevol-material-enrotllat\\\/#article\",\"isPartOf\":{\"@id\":\"https:\\\/\\\/www.rotrisl.com\\\/ca\\\/news\\\/consells\\\/les-cantoneres-flexibles-sadapten-a-qualsevol-material-enrotllat\\\/\"},\"author\":{\"name\":\"RotriDigital\",\"@id\":\"https:\\\/\\\/www.rotrisl.com\\\/ca\\\/#\\\/schema\\\/person\\\/582d8021ff59d8c54cdd6702d5c47882\"},\"headline\":\"Les cantoneres flexibles s\u2019adapten a qualsevol material enrotllat\",\"datePublished\":\"2016-11-03T11:14:17+00:00\",\"dateModified\":\"2023-07-27T17:22:01+00:00\",\"mainEntityOfPage\":{\"@id\":\"https:\\\/\\\/www.rotrisl.com\\\/ca\\\/news\\\/consells\\\/les-cantoneres-flexibles-sadapten-a-qualsevol-material-enrotllat\\\/\"},\"wordCount\":351,\"publisher\":{\"@id\":\"https:\\\/\\\/www.rotrisl.com\\\/ca\\\/#organization\"},\"image\":{\"@id\":\"https:\\\/\\\/www.rotrisl.com\\\/ca\\\/news\\\/consells\\\/les-cantoneres-flexibles-sadapten-a-qualsevol-material-enrotllat\\\/#primaryimage\"},\"thumbnailUrl\":\"https:\\\/\\\/www.rotrisl.com\\\/wp-content\\\/uploads\\\/2016\\\/11\\\/cantoneres-flexible-portada-rotri-300x237-1.jpeg\",\"keywords\":[\"Industria del Papel\",\"Ind\u00fastria del paper\",\"Mobiliari\",\"Mobiliario\",\"Pl\u00e0stic flexible i T\u00e8xtil\",\"Pl\u00e1stico flexible y Textil\"],\"articleSection\":[\"consells d'us\"],\"inLanguage\":\"ca\"},{\"@type\":\"WebPage\",\"@id\":\"https:\\\/\\\/www.rotrisl.com\\\/ca\\\/news\\\/consells\\\/les-cantoneres-flexibles-sadapten-a-qualsevol-material-enrotllat\\\/\",\"url\":\"https:\\\/\\\/www.rotrisl.com\\\/ca\\\/news\\\/consells\\\/les-cantoneres-flexibles-sadapten-a-qualsevol-material-enrotllat\\\/\",\"name\":\"Les cantoneres flexibles s\u2019adapten a qualsevol material enrotllat | Rotri\",\"isPartOf\":{\"@id\":\"https:\\\/\\\/www.rotrisl.com\\\/ca\\\/#website\"},\"primaryImageOfPage\":{\"@id\":\"https:\\\/\\\/www.rotrisl.com\\\/ca\\\/news\\\/consells\\\/les-cantoneres-flexibles-sadapten-a-qualsevol-material-enrotllat\\\/#primaryimage\"},\"image\":{\"@id\":\"https:\\\/\\\/www.rotrisl.com\\\/ca\\\/news\\\/consells\\\/les-cantoneres-flexibles-sadapten-a-qualsevol-material-enrotllat\\\/#primaryimage\"},\"thumbnailUrl\":\"https:\\\/\\\/www.rotrisl.com\\\/wp-content\\\/uploads\\\/2016\\\/11\\\/cantoneres-flexible-portada-rotri-300x237-1.jpeg\",\"datePublished\":\"2016-11-03T11:14:17+00:00\",\"dateModified\":\"2023-07-27T17:22:01+00:00\",\"breadcrumb\":{\"@id\":\"https:\\\/\\\/www.rotrisl.com\\\/ca\\\/news\\\/consells\\\/les-cantoneres-flexibles-sadapten-a-qualsevol-material-enrotllat\\\/#breadcrumb\"},\"inLanguage\":\"ca\",\"potentialAction\":[{\"@type\":\"ReadAction\",\"target\":[\"https:\\\/\\\/www.rotrisl.com\\\/ca\\\/news\\\/consells\\\/les-cantoneres-flexibles-sadapten-a-qualsevol-material-enrotllat\\\/\"]}]},{\"@type\":\"ImageObject\",\"inLanguage\":\"ca\",\"@id\":\"https:\\\/\\\/www.rotrisl.com\\\/ca\\\/news\\\/consells\\\/les-cantoneres-flexibles-sadapten-a-qualsevol-material-enrotllat\\\/#primaryimage\",\"url\":\"https:\\\/\\\/www.rotrisl.com\\\/wp-content\\\/uploads\\\/2016\\\/11\\\/cantoneres-flexible-portada-rotri-300x237-1.jpeg\",\"contentUrl\":\"https:\\\/\\\/www.rotrisl.com\\\/wp-content\\\/uploads\\\/2016\\\/11\\\/cantoneres-flexible-portada-rotri-300x237-1.jpeg\",\"width\":300,\"height\":237,\"caption\":\"cantoneras flexibles para embalaje\"},{\"@type\":\"BreadcrumbList\",\"@id\":\"https:\\\/\\\/www.rotrisl.com\\\/ca\\\/news\\\/consells\\\/les-cantoneres-flexibles-sadapten-a-qualsevol-material-enrotllat\\\/#breadcrumb\",\"itemListElement\":[{\"@type\":\"ListItem\",\"position\":1,\"name\":\"Inici\",\"item\":\"https:\\\/\\\/www.rotrisl.com\\\/ca\\\/\"},{\"@type\":\"ListItem\",\"position\":2,\"name\":\"Les cantoneres flexibles s\u2019adapten a qualsevol material enrotllat\"}]},{\"@type\":\"WebSite\",\"@id\":\"https:\\\/\\\/www.rotrisl.com\\\/ca\\\/#website\",\"url\":\"https:\\\/\\\/www.rotrisl.com\\\/ca\\\/\",\"name\":\"Rotri, embalaje y log\u00edstica\",\"description\":\"Productes d'embalatge\",\"publisher\":{\"@id\":\"https:\\\/\\\/www.rotrisl.com\\\/ca\\\/#organization\"},\"potentialAction\":[{\"@type\":\"SearchAction\",\"target\":{\"@type\":\"EntryPoint\",\"urlTemplate\":\"https:\\\/\\\/www.rotrisl.com\\\/ca\\\/?s={search_term_string}\"},\"query-input\":{\"@type\":\"PropertyValueSpecification\",\"valueRequired\":true,\"valueName\":\"search_term_string\"}}],\"inLanguage\":\"ca\"},{\"@type\":\"Organization\",\"@id\":\"https:\\\/\\\/www.rotrisl.com\\\/ca\\\/#organization\",\"name\":\"ROTRI SL\",\"url\":\"https:\\\/\\\/www.rotrisl.com\\\/ca\\\/\",\"logo\":{\"@type\":\"ImageObject\",\"inLanguage\":\"ca\",\"@id\":\"https:\\\/\\\/www.rotrisl.com\\\/ca\\\/#\\\/schema\\\/logo\\\/image\\\/\",\"url\":\"https:\\\/\\\/www.rotrisl.com\\\/wp-content\\\/uploads\\\/2023\\\/07\\\/rotri-logo.png\",\"contentUrl\":\"https:\\\/\\\/www.rotrisl.com\\\/wp-content\\\/uploads\\\/2023\\\/07\\\/rotri-logo.png\",\"width\":1080,\"height\":492,\"caption\":\"ROTRI SL\"},\"image\":{\"@id\":\"https:\\\/\\\/www.rotrisl.com\\\/ca\\\/#\\\/schema\\\/logo\\\/image\\\/\"},\"sameAs\":[\"https:\\\/\\\/www.linkedin.com\\\/company\\\/rotriembalajes\\\/\",\"https:\\\/\\\/www.instagram.com\\\/rotriembalajes\\\/\"]},{\"@type\":\"Person\",\"@id\":\"https:\\\/\\\/www.rotrisl.com\\\/ca\\\/#\\\/schema\\\/person\\\/582d8021ff59d8c54cdd6702d5c47882\",\"name\":\"RotriDigital\",\"image\":{\"@type\":\"ImageObject\",\"inLanguage\":\"ca\",\"@id\":\"https:\\\/\\\/secure.gravatar.com\\\/avatar\\\/4afd7a77186df97a0fc261e99a592e1d79ee5a902ab49a9b61ed5b507d6a120a?s=96&d=blank&r=g\",\"url\":\"https:\\\/\\\/secure.gravatar.com\\\/avatar\\\/4afd7a77186df97a0fc261e99a592e1d79ee5a902ab49a9b61ed5b507d6a120a?s=96&d=blank&r=g\",\"contentUrl\":\"https:\\\/\\\/secure.gravatar.com\\\/avatar\\\/4afd7a77186df97a0fc261e99a592e1d79ee5a902ab49a9b61ed5b507d6a120a?s=96&d=blank&r=g\",\"caption\":\"RotriDigital\"},\"url\":\"https:\\\/\\\/www.rotrisl.com\\\/ca\\\/news\\\/author\\\/rotridigital\\\/\"}]}<\/script>\n<!-- \/ Yoast SEO plugin. -->","yoast_head_json":{"title":"Les cantoneres flexibles s\u2019adapten a qualsevol material enrotllat | Rotri","robots":{"index":"index","follow":"follow","max-snippet":"max-snippet:-1","max-image-preview":"max-image-preview:large","max-video-preview":"max-video-preview:-1"},"canonical":"https:\/\/www.rotrisl.com\/ca\/news\/consells\/les-cantoneres-flexibles-sadapten-a-qualsevol-material-enrotllat\/","og_locale":"ca_ES","og_type":"article","og_title":"Les cantoneres flexibles s\u2019adapten a qualsevol material enrotllat | Rotri","og_description":"Les cantoneres s\u00f3n perfils de protecci\u00f3 molt \u00fatils per assegurar que el material arribi en perfectes condicions, per exemple, sense doblecs per la pressi\u00f3 del fleix. Per\u00f2 la seva versi\u00f3 est\u00e0ndard \u00a0\u00e9s r\u00edgida, no s\u2019adapta a certs materials que s\u2019ha de transportar envoltats en film. Per solucionar-ho, a Rotri disposem cantoneres flexibles. El seu funcionament [&hellip;]","og_url":"https:\/\/www.rotrisl.com\/ca\/news\/consells\/les-cantoneres-flexibles-sadapten-a-qualsevol-material-enrotllat\/","og_site_name":"Rotri","article_published_time":"2016-11-03T11:14:17+00:00","article_modified_time":"2023-07-27T17:22:01+00:00","og_image":[{"width":300,"height":237,"url":"https:\/\/www.rotrisl.com\/wp-content\/uploads\/2016\/11\/cantoneres-flexible-portada-rotri-300x237-1.jpeg","type":"image\/jpeg"}],"author":"RotriDigital","twitter_card":"summary_large_image","twitter_misc":{"Escrit per":"RotriDigital","Temps estimat de lectura":"3 minuts"},"schema":{"@context":"https:\/\/schema.org","@graph":[{"@type":["Article","BlogPosting"],"@id":"https:\/\/www.rotrisl.com\/ca\/news\/consells\/les-cantoneres-flexibles-sadapten-a-qualsevol-material-enrotllat\/#article","isPartOf":{"@id":"https:\/\/www.rotrisl.com\/ca\/news\/consells\/les-cantoneres-flexibles-sadapten-a-qualsevol-material-enrotllat\/"},"author":{"name":"RotriDigital","@id":"https:\/\/www.rotrisl.com\/ca\/#\/schema\/person\/582d8021ff59d8c54cdd6702d5c47882"},"headline":"Les cantoneres flexibles s\u2019adapten a qualsevol material enrotllat","datePublished":"2016-11-03T11:14:17+00:00","dateModified":"2023-07-27T17:22:01+00:00","mainEntityOfPage":{"@id":"https:\/\/www.rotrisl.com\/ca\/news\/consells\/les-cantoneres-flexibles-sadapten-a-qualsevol-material-enrotllat\/"},"wordCount":351,"publisher":{"@id":"https:\/\/www.rotrisl.com\/ca\/#organization"},"image":{"@id":"https:\/\/www.rotrisl.com\/ca\/news\/consells\/les-cantoneres-flexibles-sadapten-a-qualsevol-material-enrotllat\/#primaryimage"},"thumbnailUrl":"https:\/\/www.rotrisl.com\/wp-content\/uploads\/2016\/11\/cantoneres-flexible-portada-rotri-300x237-1.jpeg","keywords":["Industria del Papel","Ind\u00fastria del paper","Mobiliari","Mobiliario","Pl\u00e0stic flexible i T\u00e8xtil","Pl\u00e1stico flexible y Textil"],"articleSection":["consells d'us"],"inLanguage":"ca"},{"@type":"WebPage","@id":"https:\/\/www.rotrisl.com\/ca\/news\/consells\/les-cantoneres-flexibles-sadapten-a-qualsevol-material-enrotllat\/","url":"https:\/\/www.rotrisl.com\/ca\/news\/consells\/les-cantoneres-flexibles-sadapten-a-qualsevol-material-enrotllat\/","name":"Les cantoneres flexibles s\u2019adapten a qualsevol material enrotllat | Rotri","isPartOf":{"@id":"https:\/\/www.rotrisl.com\/ca\/#website"},"primaryImageOfPage":{"@id":"https:\/\/www.rotrisl.com\/ca\/news\/consells\/les-cantoneres-flexibles-sadapten-a-qualsevol-material-enrotllat\/#primaryimage"},"image":{"@id":"https:\/\/www.rotrisl.com\/ca\/news\/consells\/les-cantoneres-flexibles-sadapten-a-qualsevol-material-enrotllat\/#primaryimage"},"thumbnailUrl":"https:\/\/www.rotrisl.com\/wp-content\/uploads\/2016\/11\/cantoneres-flexible-portada-rotri-300x237-1.jpeg","datePublished":"2016-11-03T11:14:17+00:00","dateModified":"2023-07-27T17:22:01+00:00","breadcrumb":{"@id":"https:\/\/www.rotrisl.com\/ca\/news\/consells\/les-cantoneres-flexibles-sadapten-a-qualsevol-material-enrotllat\/#breadcrumb"},"inLanguage":"ca","potentialAction":[{"@type":"ReadAction","target":["https:\/\/www.rotrisl.com\/ca\/news\/consells\/les-cantoneres-flexibles-sadapten-a-qualsevol-material-enrotllat\/"]}]},{"@type":"ImageObject","inLanguage":"ca","@id":"https:\/\/www.rotrisl.com\/ca\/news\/consells\/les-cantoneres-flexibles-sadapten-a-qualsevol-material-enrotllat\/#primaryimage","url":"https:\/\/www.rotrisl.com\/wp-content\/uploads\/2016\/11\/cantoneres-flexible-portada-rotri-300x237-1.jpeg","contentUrl":"https:\/\/www.rotrisl.com\/wp-content\/uploads\/2016\/11\/cantoneres-flexible-portada-rotri-300x237-1.jpeg","width":300,"height":237,"caption":"cantoneras flexibles para embalaje"},{"@type":"BreadcrumbList","@id":"https:\/\/www.rotrisl.com\/ca\/news\/consells\/les-cantoneres-flexibles-sadapten-a-qualsevol-material-enrotllat\/#breadcrumb","itemListElement":[{"@type":"ListItem","position":1,"name":"Inici","item":"https:\/\/www.rotrisl.com\/ca\/"},{"@type":"ListItem","position":2,"name":"Les cantoneres flexibles s\u2019adapten a qualsevol material enrotllat"}]},{"@type":"WebSite","@id":"https:\/\/www.rotrisl.com\/ca\/#website","url":"https:\/\/www.rotrisl.com\/ca\/","name":"Rotri, embalaje y log\u00edstica","description":"Productes d'embalatge","publisher":{"@id":"https:\/\/www.rotrisl.com\/ca\/#organization"},"potentialAction":[{"@type":"SearchAction","target":{"@type":"EntryPoint","urlTemplate":"https:\/\/www.rotrisl.com\/ca\/?s={search_term_string}"},"query-input":{"@type":"PropertyValueSpecification","valueRequired":true,"valueName":"search_term_string"}}],"inLanguage":"ca"},{"@type":"Organization","@id":"https:\/\/www.rotrisl.com\/ca\/#organization","name":"ROTRI SL","url":"https:\/\/www.rotrisl.com\/ca\/","logo":{"@type":"ImageObject","inLanguage":"ca","@id":"https:\/\/www.rotrisl.com\/ca\/#\/schema\/logo\/image\/","url":"https:\/\/www.rotrisl.com\/wp-content\/uploads\/2023\/07\/rotri-logo.png","contentUrl":"https:\/\/www.rotrisl.com\/wp-content\/uploads\/2023\/07\/rotri-logo.png","width":1080,"height":492,"caption":"ROTRI SL"},"image":{"@id":"https:\/\/www.rotrisl.com\/ca\/#\/schema\/logo\/image\/"},"sameAs":["https:\/\/www.linkedin.com\/company\/rotriembalajes\/","https:\/\/www.instagram.com\/rotriembalajes\/"]},{"@type":"Person","@id":"https:\/\/www.rotrisl.com\/ca\/#\/schema\/person\/582d8021ff59d8c54cdd6702d5c47882","name":"RotriDigital","image":{"@type":"ImageObject","inLanguage":"ca","@id":"https:\/\/secure.gravatar.com\/avatar\/4afd7a77186df97a0fc261e99a592e1d79ee5a902ab49a9b61ed5b507d6a120a?s=96&d=blank&r=g","url":"https:\/\/secure.gravatar.com\/avatar\/4afd7a77186df97a0fc261e99a592e1d79ee5a902ab49a9b61ed5b507d6a120a?s=96&d=blank&r=g","contentUrl":"https:\/\/secure.gravatar.com\/avatar\/4afd7a77186df97a0fc261e99a592e1d79ee5a902ab49a9b61ed5b507d6a120a?s=96&d=blank&r=g","caption":"RotriDigital"},"url":"https:\/\/www.rotrisl.com\/ca\/news\/author\/rotridigital\/"}]}},"_links":{"self":[{"href":"https:\/\/www.rotrisl.com\/ca\/wp-json\/wp\/v2\/posts\/3524","targetHints":{"allow":["GET"]}}],"collection":[{"href":"https:\/\/www.rotrisl.com\/ca\/wp-json\/wp\/v2\/posts"}],"about":[{"href":"https:\/\/www.rotrisl.com\/ca\/wp-json\/wp\/v2\/types\/post"}],"author":[{"embeddable":true,"href":"https:\/\/www.rotrisl.com\/ca\/wp-json\/wp\/v2\/users\/13"}],"replies":[{"embeddable":true,"href":"https:\/\/www.rotrisl.com\/ca\/wp-json\/wp\/v2\/comments?post=3524"}],"version-history":[{"count":0,"href":"https:\/\/www.rotrisl.com\/ca\/wp-json\/wp\/v2\/posts\/3524\/revisions"}],"wp:featuredmedia":[{"embeddable":true,"href":"https:\/\/www.rotrisl.com\/ca\/wp-json\/wp\/v2\/media\/11406"}],"wp:attachment":[{"href":"https:\/\/www.rotrisl.com\/ca\/wp-json\/wp\/v2\/media?parent=3524"}],"wp:term":[{"taxonomy":"category","embeddable":true,"href":"https:\/\/www.rotrisl.com\/ca\/wp-json\/wp\/v2\/categories?post=3524"},{"taxonomy":"post_tag","embeddable":true,"href":"https:\/\/www.rotrisl.com\/ca\/wp-json\/wp\/v2\/tags?post=3524"}],"curies":[{"name":"wp","href":"https:\/\/api.w.org\/{rel}","templated":true}]}}